{"id":1727,"date":"2023-04-27T07:06:37","date_gmt":"2023-04-27T07:06:37","guid":{"rendered":"https:\/\/bidcar.pl\/blog\/?p=1727"},"modified":"2023-06-02T05:24:20","modified_gmt":"2023-06-02T05:24:20","slug":"rajd-koguta-2023-dolacz-do-milosnikow-motoryzacji","status":"publish","type":"post","link":"https:\/\/bidcar.pl\/blog\/rajd-koguta-2023-dolacz-do-milosnikow-motoryzacji\/","title":{"rendered":"Ponad 2 600 klasyk\u00f3w i 500+ km drogi do pomagania. Do\u0142\u0105cz do mi\u0142o\u015bnik\u00f3w motoryzacji na 7. Charytatywnym Rajdzie Koguta!"},"content":{"rendered":"\n<p class=\"single-lead\">Ju\u017c 8 czerwca po raz si\u00f3dmy wystartuje Charytatywny Rajd Koguta. W tym roku uczestnicy maj\u0105 do przejechania 530-kilometrow\u0105 tras\u0119 w szczytnym celu. Rajd z O\u0142awy do Stegny to wspania\u0142a przygoda dla ca\u0142ej rodziny i pomoc potrzebuj\u0105cym dzieciom. Startuj\u0105cy mi\u0142o\u015bnicy zabytkowych pojazd\u00f3w b\u0119d\u0105 mogli wygra\u0107 kultowego Wartburga.<\/p>\n\n\n\n<figure class=\"wp-block-image size-large\"><img loading=\"lazy\" decoding=\"async\" width=\"1024\" height=\"683\" src=\"https:\/\/bidcar.pl\/blog\/wp-content\/uploads\/2023\/04\/rajd-koguta-archiwum-01-1024x683.jpg\" alt=\"\" class=\"wp-image-1722\" srcset=\"https:\/\/bidcar.pl\/blog\/wp-content\/uploads\/2023\/04\/rajd-koguta-archiwum-01-1024x683.jpg 1024w, https:\/\/bidcar.pl\/blog\/wp-content\/uploads\/2023\/04\/rajd-koguta-archiwum-01-300x200.jpg 300w, https:\/\/bidcar.pl\/blog\/wp-content\/uploads\/2023\/04\/rajd-koguta-archiwum-01-768x512.jpg 768w, https:\/\/bidcar.pl\/blog\/wp-content\/uploads\/2023\/04\/rajd-koguta-archiwum-01-1536x1024.jpg 1536w, https:\/\/bidcar.pl\/blog\/wp-content\/uploads\/2023\/04\/rajd-koguta-archiwum-01.jpg 2048w\" sizes=\"auto, (max-width: 1024px) 100vw, 1024px\" \/><figcaption class=\"wp-element-caption\">Rajd Koguta \u0142\u0105czy zabaw\u0119 i pomaganie. W zesz\u0142ym roku organizatorzy zebrali prawie milion z\u0142 na cele charytatywne.  <\/figcaption><\/figure>\n\n\n\n<p>Zapnijcie pasy! Muzeum Motoryzacji Wena w O\u0142awie organizuje kolejn\u0105 edycj\u0119 Charytatywnego Rajdu Koguta. Wystartuje on z O\u0142awy w czwartek 8 czerwca i potrwa do 10 czerwca. W tym roku trasa ma 530 km i przebiega\u0107 b\u0119dzie przez O\u0142aw\u0119, Pozna\u0144, Pi\u0142\u0119, Chojnice, Czersk, Tczew i Stegn\u0119. \u00a0 <\/p>\n\n\n\n<p>Rajd zako\u0144czy si\u0119 nad morzem &#8211; w Stegnie na Mierzei Wi\u015blanej &#8211; gdzie czeka\u0107 b\u0119dzie masa atrakcji dla uczestnik\u00f3w i licytacji na rzecz potrzebuj\u0105cych. Przed nami niezapomniane wra\u017cenia za kierownic\u0105 retro pojazd\u00f3w. \u00a0<\/p>\n\n\n\n<h2 id=\"subHeading-1\" id=\"subHeading-1\" class=\"wp-block-heading\" id=\"subHeading-1\">Nie \u015bcigamy si\u0119 \u2013 pomagamy. I jest nas coraz wi\u0119cej!<\/h2>\n\n\n\n<figure class=\"wp-block-image size-large is-resized\"><img loading=\"lazy\" decoding=\"async\" src=\"https:\/\/bidcar.pl\/blog\/wp-content\/uploads\/2023\/05\/trasa-rajdu-koguta-2023-mapa-1024x1024.png\" alt=\"\" class=\"wp-image-1776\" width=\"840\" height=\"840\" srcset=\"https:\/\/bidcar.pl\/blog\/wp-content\/uploads\/2023\/05\/trasa-rajdu-koguta-2023-mapa-1024x1024.png 1024w, https:\/\/bidcar.pl\/blog\/wp-content\/uploads\/2023\/05\/trasa-rajdu-koguta-2023-mapa-300x300.png 300w, https:\/\/bidcar.pl\/blog\/wp-content\/uploads\/2023\/05\/trasa-rajdu-koguta-2023-mapa-150x150.png 150w, https:\/\/bidcar.pl\/blog\/wp-content\/uploads\/2023\/05\/trasa-rajdu-koguta-2023-mapa-768x768.png 768w, https:\/\/bidcar.pl\/blog\/wp-content\/uploads\/2023\/05\/trasa-rajdu-koguta-2023-mapa-1536x1536.png 1536w, https:\/\/bidcar.pl\/blog\/wp-content\/uploads\/2023\/05\/trasa-rajdu-koguta-2023-mapa.png 1845w\" sizes=\"auto, (max-width: 840px) 100vw, 840px\" \/><\/figure>\n\n\n\n<p>Za\u0142o\u017cenie jest proste: w Rajdzie Koguta bra\u0107 mog\u0105 udzia\u0142 pojazdy wyprodukowane w Polsce lub w bloku wschodnim, kt\u00f3re maj\u0105 min. 20 lat oraz wszelkie inne pojazdy wyprodukowane do roku 1994. To tyle! Wszystko po to, by poprzez wsp\u00f3ln\u0105 zabaw\u0119 zrobi\u0107 co\u015b dobrego. &nbsp;<\/p>\n\n\n\n<p>Ka\u017cda za\u0142oga w rajdzie wnosi op\u0142at\u0119, kt\u00f3rej kwota zale\u017cy od tego, jakim pojazdem startuje. Wpisowe w ca\u0142o\u015bci przekazywane jest na cele charytatywne.&nbsp;<\/p>\n\n\n\n<p>\u2013 <em>Rajd Koguta to przede wszystkim ludzie! Pe\u0142ni pasji mi\u0142o\u015bnicy zabytkowej motoryzacji z ogromnym sercem. Nasza impreza nie jest wy\u015bcigiem, lecz szans\u0105 na prze\u017cycie wspania\u0142ej przygody z ca\u0142\u0105 rodzin\u0105. \u0141\u0105czy przyjemne z po\u017cytecznym: \u015bwietn\u0105 zabaw\u0119 z pomaganiem innym <\/em>\u2013 m\u00f3wi Tomasz Jurczak, pomys\u0142odawca i organizator Rajdu Koguta. \u2013 <em>W zesz\u0142ym roku przekazali\u015bmy na cele charytatywne prawie milion z\u0142otych.<\/em>&nbsp;<\/p>\n\n\n\n<p>W tym roku padn\u0105 kolejne rekordy. Przede wszystkim pod wzgl\u0119dem liczby uczestnik\u00f3w \u2013 organizatorzy maj\u0105 ponad 2 600 zg\u0142oszonych ekip, czyli wi\u0119cej ni\u017c za\u0142\u00f3g startuj\u0105cych rok temu. \u00a0<\/p>\n\n\n\n<p>W poprzednich edycjach zebrane pieni\u0105dze przeznaczone by\u0142y na wsparcie os\u00f3b i organizacji charytatywnych z powiatu o\u0142awskiego. W tym roku organizatorzy zdecydowali, \u017ce po\u0142owa pieni\u0119dzy przekazana b\u0119dzie na pomoc 250 potrzebuj\u0105cym dzieciom z ca\u0142ej Polski. Ich lista powstaje na podstawie zg\u0142osze\u0144 za\u0142\u00f3g bior\u0105cych udzia\u0142 w rajdzie. Dzi\u0119ki zebranej kwocie mamy szans\u0119 odmieni\u0107 \u017cycie wielu potrzebuj\u0105cych ludzi.\u00a0<\/p>\n\n\n\n<h2 id=\"subHeading-2\" id=\"subHeading-2\" class=\"wp-block-heading\">Start w O\u0142awie. Wielki piknik na otwarcie imprezy<\/h2>\n\n\n\n<p><strong>Rajd Koguta wyruszy w czwartek 8 czerwca spod siedziby Studia Reklamy Wena przy ul. Kutrowskiego 54 w O\u0142awie<\/strong>, gdzie podziwia\u0107 b\u0119dzie mo\u017cna wszystkie pojazdy bior\u0105ce udzia\u0142 w wydarzeniu. Za\u0142ogi b\u0119d\u0105 wyje\u017cd\u017ca\u0107 na tras\u0119 <strong>w godzinach 8-16.<\/strong> <\/p>\n\n\n\n<p>Powitaniu uczestnik\u00f3w towarzyszy\u0107 b\u0119dzie wyst\u0119p orkiestry d\u0119tej oraz popisy zespo\u0142u cheerleaderek. Kolejno\u015b\u0107 wyjazdu na tras\u0119 b\u0119dzie zale\u017ce\u0107 od roku produkcji pojazdu. Pierwsze wystartuj\u0105 motocykle, rowery, motorowery i pojazdy rolnicze. Na ko\u0144cu do\u0142\u0105cz\u0105 do nich ekipy w samochodach. \u00a0<\/p>\n\n\n\n<h2 id=\"subHeading-3\" id=\"subHeading-3\" class=\"wp-block-heading\" id=\"subHeading-2\">Rekord Polski i zadania. Do wygrania Wartburg<\/h2>\n\n\n\n<figure class=\"wp-block-image size-large\"><img loading=\"lazy\" decoding=\"async\" width=\"1024\" height=\"538\" src=\"https:\/\/bidcar.pl\/blog\/wp-content\/uploads\/2023\/04\/rajd-koguta-2023-wartburg-poleasingowe-passat-bidcar-1024x538.jpg\" alt=\"\" class=\"wp-image-1721\" srcset=\"https:\/\/bidcar.pl\/blog\/wp-content\/uploads\/2023\/04\/rajd-koguta-2023-wartburg-poleasingowe-passat-bidcar-1024x538.jpg 1024w, https:\/\/bidcar.pl\/blog\/wp-content\/uploads\/2023\/04\/rajd-koguta-2023-wartburg-poleasingowe-passat-bidcar-300x158.jpg 300w, https:\/\/bidcar.pl\/blog\/wp-content\/uploads\/2023\/04\/rajd-koguta-2023-wartburg-poleasingowe-passat-bidcar-768x403.jpg 768w, https:\/\/bidcar.pl\/blog\/wp-content\/uploads\/2023\/04\/rajd-koguta-2023-wartburg-poleasingowe-passat-bidcar-1536x806.jpg 1536w, https:\/\/bidcar.pl\/blog\/wp-content\/uploads\/2023\/04\/rajd-koguta-2023-wartburg-poleasingowe-passat-bidcar-2048x1075.jpg 2048w\" sizes=\"auto, (max-width: 1024px) 100vw, 1024px\" \/><figcaption class=\"wp-element-caption\">Wartburg jest do wygrania w konkursie dla za\u0142\u00f3g. VW Passat na mecie rajdu trafi na licytacj\u0119 dla ka\u017cdego. Samochody funduj\u0105 platformy aukcyjne Poleasingowe.pl i Bidcar.pl. <\/figcaption><\/figure>\n\n\n\n<p>Jak co roku, na trasie Rajdu Koguta na uczestnik\u00f3w czeka\u0107 b\u0119dzie szereg zada\u0144 do wykonania oraz wydarze\u0144. Nie zabraknie r\u00f3wnie\u017c konkurs\u00f3w i ciekawych nagr\u00f3d. Pierwsze atrakcje, przygotowane wsp\u00f3lnie z obchodz\u0105cym w\u0142a\u015bnie stulecie istnienia Automobilklubem Wielkopolskim, zaplanowano na <strong>8 czerwca na popo\u0142udnie i wiecz\u00f3r w Poznaniu<\/strong>. Zadaniem do wykonania dla wszystkich ekip b\u0119dzie przejazd po wy\u015bcigowym <strong>Torze Pozna\u0144<\/strong>. W ten spos\u00f3b uczestnicy podejm\u0105 pr\u00f3b\u0119 pobicia <strong>rekordu Polski w kategorii najwi\u0119kszy przejazd pojazd\u00f3w zabytkowych na torze wy\u015bcigowym.<\/strong>\u00a0<\/p>\n\n\n\n<p>Uczestnicy rajdu wezm\u0105 r\u00f3wnie\u017c udzia\u0142 w konkursie, w kt\u00f3rym do wygrania jest Wartburg z 1990 r. Ka\u017cdy b\u0119dzie m\u00f3g\u0142 zapozna\u0107 si\u0119 z tym autem, poniewa\u017c opr\u00f3cz tego, \u017ce jest nagrod\u0105, we\u017amie te\u017c udzia\u0142 w rajdzie. Wystartuje nim ekipa z Poleasingowe.pl \u2013 firmy, kt\u00f3ra kultowe auto z czas\u00f3w NRD znalaz\u0142a pod Berlinem i przygotowa\u0142a je do tej niezwykle wa\u017cnej wyprawy. &nbsp;<\/p>\n\n\n\n<p>\u2013 <em>W tym roku zn\u00f3w wspieramy szczytny cel Rajdu Koguta i postanowili\u015bmy zaanga\u017cowa\u0107 si\u0119 w to na ca\u0142ego. Nie tylko wystawiamy w\u0142asn\u0105 za\u0142og\u0119, kt\u00f3ra pokona tras\u0119 rajdu wyj\u0105tkowym autem. Po zako\u0144czeniu imprezy naszym Wartburgiem odjedzie nowy w\u0142a\u015bciciel, kt\u00f3rego wy\u0142onimy w konkursie spo\u015br\u00f3d uczestnik\u00f3w <\/em>\u2013 m\u00f3wi Artur Kopania, prezes Poleasingowe.pl i kapitan ekipy rajdowej. \u2013 <em>Samoch\u00f3d b\u0119dzie przez nas przygotowany w najlepszy mo\u017cliwy spos\u00f3b. Wykonamy niezb\u0119dne naprawy mechaniczne, jak i blacharsko-lakiernicze, wi\u0119c Wartburg na pewno jeszcze d\u0142ugo pos\u0142u\u017cy zwyci\u0119zcy<\/em>.&nbsp;<\/p>\n\n\n\n<h2 id=\"subHeading-4\" id=\"subHeading-4\" class=\"wp-block-heading\" id=\"subHeading-3\">Fina\u0142 Rajdu na pla\u017cy. Licytacja Passata i koncert Video<\/h2>\n\n\n\n<p>Wiele atrakcji, nie tylko dla za\u0142\u00f3g, ale te\u017c widz\u00f3w i turyst\u00f3w, czeka na mecie Rajdu Koguta. 10 czerwca na pla\u017cy w Stegnie zaplanowano uroczysty fina\u0142 z udzia\u0142em w\u0142adz gminy Stegna i sponsor\u00f3w. B\u0119dzie wr\u0119czenie nagr\u00f3d i dyplom\u00f3w dla dru\u017cyn Rajdu Koguta oraz konkursy dla publiczno\u015bci. <strong>Wieczorem na\u00a0koncercie wyst\u0105pi zesp\u00f3\u0142 Video.\u00a0<\/strong><\/p>\n\n\n\n<p><strong>Na scenie g\u0142\u00f3wnej zaplanowana jest licytacja jeszcze jednego wyj\u0105tkowego samochodu, kt\u00f3ry r\u00f3wnie\u017c we\u017amie udzia\u0142 w rajdzie \u2013 Volkswagena Passata z 1994 r.<\/strong> Auto przekazane zosta\u0142o przez platform\u0119 aukcyjn\u0105 Bidcar.pl, kt\u00f3rej ekipa r\u00f3wnie\u017c pojedzie w Rajdzie Koguta. Ca\u0142a kwota z licytacji samochodu powi\u0119kszy pul\u0119 pieni\u0119dzy, kt\u00f3ra przekazana b\u0119dzie na cele charytatywne. Co wa\u017cne, w licytacji udzia\u0142 mog\u0105 wzi\u0105\u0107 nie tylko uczestnicy rajdu, ale ka\u017cdy ch\u0119tny, kt\u00f3ry b\u0119dzie 10 czerwca na pla\u017cy w Stegnie. Oznacza to, \u017ce i Ty bior\u0105c udzia\u0142 w licytacji mo\u017cesz pom\u00f3c potrzebuj\u0105cym!\u00a0<\/p>\n\n\n\n<p>\u2013 <em>Zapraszamy nie tylko w\u0142a\u015bcicieli pe\u0142noletnich samochod\u00f3w do udzia\u0142u w Rajdzie Koguta, ale r\u00f3wnie\u017c wszystkich mi\u0142o\u015bnik\u00f3w klasyk\u00f3w do kibicowania na jego trasie. Widok ponad tysi\u0105ca young i oldtimer\u00f3w robi niesamowite wra\u017cenie. Prawdopodobnie jest to najliczniejsza taka impreza w Europie<\/em> \u2013 zach\u0119ca Tomasz Jurczak.&nbsp;&nbsp;<\/p>\n\n\n\n<figure class=\"wp-block-gallery has-nested-images columns-default is-cropped wp-block-gallery-1 is-layout-flex wp-block-gallery-is-layout-flex\">\n<figure class=\"wp-block-image size-large\"><img loading=\"lazy\" decoding=\"async\" width=\"1024\" height=\"683\" data-id=\"1726\" src=\"https:\/\/bidcar.pl\/blog\/wp-content\/uploads\/2023\/04\/rajd-koguta-archiwum-05-1024x683.jpg\" alt=\"\" class=\"wp-image-1726\" srcset=\"https:\/\/bidcar.pl\/blog\/wp-content\/uploads\/2023\/04\/rajd-koguta-archiwum-05-1024x683.jpg 1024w, https:\/\/bidcar.pl\/blog\/wp-content\/uploads\/2023\/04\/rajd-koguta-archiwum-05-300x200.jpg 300w, https:\/\/bidcar.pl\/blog\/wp-content\/uploads\/2023\/04\/rajd-koguta-archiwum-05-768x512.jpg 768w, https:\/\/bidcar.pl\/blog\/wp-content\/uploads\/2023\/04\/rajd-koguta-archiwum-05-1536x1024.jpg 1536w, https:\/\/bidcar.pl\/blog\/wp-content\/uploads\/2023\/04\/rajd-koguta-archiwum-05.jpg 2048w\" sizes=\"auto, (max-width: 1024px) 100vw, 1024px\" \/><\/figure>\n\n\n\n<figure class=\"wp-block-image size-large\"><img loading=\"lazy\" decoding=\"async\" width=\"1024\" height=\"683\" data-id=\"1725\" src=\"https:\/\/bidcar.pl\/blog\/wp-content\/uploads\/2023\/04\/rajd-koguta-archiwum-04-1024x683.jpg\" alt=\"\" class=\"wp-image-1725\" srcset=\"https:\/\/bidcar.pl\/blog\/wp-content\/uploads\/2023\/04\/rajd-koguta-archiwum-04-1024x683.jpg 1024w, https:\/\/bidcar.pl\/blog\/wp-content\/uploads\/2023\/04\/rajd-koguta-archiwum-04-300x200.jpg 300w, https:\/\/bidcar.pl\/blog\/wp-content\/uploads\/2023\/04\/rajd-koguta-archiwum-04-768x512.jpg 768w, https:\/\/bidcar.pl\/blog\/wp-content\/uploads\/2023\/04\/rajd-koguta-archiwum-04-1536x1024.jpg 1536w, https:\/\/bidcar.pl\/blog\/wp-content\/uploads\/2023\/04\/rajd-koguta-archiwum-04.jpg 2048w\" sizes=\"auto, (max-width: 1024px) 100vw, 1024px\" \/><\/figure>\n\n\n\n<figure class=\"wp-block-image size-large\"><img loading=\"lazy\" decoding=\"async\" width=\"1024\" height=\"683\" data-id=\"1723\" src=\"https:\/\/bidcar.pl\/blog\/wp-content\/uploads\/2023\/04\/rajd-koguta-archiwum-02-1024x683.jpg\" alt=\"\" class=\"wp-image-1723\" srcset=\"https:\/\/bidcar.pl\/blog\/wp-content\/uploads\/2023\/04\/rajd-koguta-archiwum-02-1024x683.jpg 1024w, https:\/\/bidcar.pl\/blog\/wp-content\/uploads\/2023\/04\/rajd-koguta-archiwum-02-300x200.jpg 300w, https:\/\/bidcar.pl\/blog\/wp-content\/uploads\/2023\/04\/rajd-koguta-archiwum-02-768x512.jpg 768w, https:\/\/bidcar.pl\/blog\/wp-content\/uploads\/2023\/04\/rajd-koguta-archiwum-02-1536x1024.jpg 1536w, https:\/\/bidcar.pl\/blog\/wp-content\/uploads\/2023\/04\/rajd-koguta-archiwum-02.jpg 2048w\" sizes=\"auto, (max-width: 1024px) 100vw, 1024px\" \/><\/figure>\n\n\n\n<figure class=\"wp-block-image size-large\"><img loading=\"lazy\" decoding=\"async\" width=\"1024\" height=\"683\" data-id=\"1724\" src=\"https:\/\/bidcar.pl\/blog\/wp-content\/uploads\/2023\/04\/rajd-koguta-archiwum-03-1024x683.jpg\" alt=\"\" class=\"wp-image-1724\" srcset=\"https:\/\/bidcar.pl\/blog\/wp-content\/uploads\/2023\/04\/rajd-koguta-archiwum-03-1024x683.jpg 1024w, https:\/\/bidcar.pl\/blog\/wp-content\/uploads\/2023\/04\/rajd-koguta-archiwum-03-300x200.jpg 300w, https:\/\/bidcar.pl\/blog\/wp-content\/uploads\/2023\/04\/rajd-koguta-archiwum-03-768x512.jpg 768w, https:\/\/bidcar.pl\/blog\/wp-content\/uploads\/2023\/04\/rajd-koguta-archiwum-03-1536x1024.jpg 1536w, https:\/\/bidcar.pl\/blog\/wp-content\/uploads\/2023\/04\/rajd-koguta-archiwum-03.jpg 2048w\" sizes=\"auto, (max-width: 1024px) 100vw, 1024px\" \/><\/figure>\n\n\n\n<figure class=\"wp-block-image size-large\"><img loading=\"lazy\" decoding=\"async\" width=\"1024\" height=\"538\" data-id=\"1721\" src=\"https:\/\/bidcar.pl\/blog\/wp-content\/uploads\/2023\/04\/rajd-koguta-2023-wartburg-poleasingowe-passat-bidcar-1024x538.jpg\" alt=\"\" class=\"wp-image-1721\" srcset=\"https:\/\/bidcar.pl\/blog\/wp-content\/uploads\/2023\/04\/rajd-koguta-2023-wartburg-poleasingowe-passat-bidcar-1024x538.jpg 1024w, https:\/\/bidcar.pl\/blog\/wp-content\/uploads\/2023\/04\/rajd-koguta-2023-wartburg-poleasingowe-passat-bidcar-300x158.jpg 300w, https:\/\/bidcar.pl\/blog\/wp-content\/uploads\/2023\/04\/rajd-koguta-2023-wartburg-poleasingowe-passat-bidcar-768x403.jpg 768w, https:\/\/bidcar.pl\/blog\/wp-content\/uploads\/2023\/04\/rajd-koguta-2023-wartburg-poleasingowe-passat-bidcar-1536x806.jpg 1536w, https:\/\/bidcar.pl\/blog\/wp-content\/uploads\/2023\/04\/rajd-koguta-2023-wartburg-poleasingowe-passat-bidcar-2048x1075.jpg 2048w\" sizes=\"auto, (max-width: 1024px) 100vw, 1024px\" \/><\/figure>\n\n\n\n<figure class=\"wp-block-image size-large\"><img loading=\"lazy\" decoding=\"async\" width=\"1024\" height=\"683\" data-id=\"1722\" src=\"https:\/\/bidcar.pl\/blog\/wp-content\/uploads\/2023\/04\/rajd-koguta-archiwum-01-1024x683.jpg\" alt=\"\" class=\"wp-image-1722\" srcset=\"https:\/\/bidcar.pl\/blog\/wp-content\/uploads\/2023\/04\/rajd-koguta-archiwum-01-1024x683.jpg 1024w, https:\/\/bidcar.pl\/blog\/wp-content\/uploads\/2023\/04\/rajd-koguta-archiwum-01-300x200.jpg 300w, https:\/\/bidcar.pl\/blog\/wp-content\/uploads\/2023\/04\/rajd-koguta-archiwum-01-768x512.jpg 768w, https:\/\/bidcar.pl\/blog\/wp-content\/uploads\/2023\/04\/rajd-koguta-archiwum-01-1536x1024.jpg 1536w, https:\/\/bidcar.pl\/blog\/wp-content\/uploads\/2023\/04\/rajd-koguta-archiwum-01.jpg 2048w\" sizes=\"auto, (max-width: 1024px) 100vw, 1024px\" \/><\/figure>\n<\/figure>\n","protected":false},"excerpt":{"rendered":"<p>Zapnijcie pasy! Muzeum Motoryzacji Wena w O\u0142awie organizuje kolejn\u0105 edycj\u0119 Charytatywnego Rajdu Koguta. Wystartuje on z O\u0142awy w czwartek 8 czerwca i potrwa do 10 czerwca. W tym roku trasa ma 530 km i przebiega\u0107 b\u0119dzie przez O\u0142aw\u0119, Pozna\u0144, Pi\u0142\u0119, Chojnice, Czersk, Tczew i Stegn\u0119. \u00a0 Rajd zako\u0144czy si\u0119 nad morzem &#8211; w Stegnie na [&hellip;]<\/p>\n","protected":false},"author":3,"featured_media":1722,"comment_status":"open","ping_status":"open","sticky":true,"template":"","format":"standard","meta":{"footnotes":""},"categories":[10],"tags":[],"class_list":["post-1727","post","type-post","status-publish","format-standard","has-post-thumbnail","hentry","category-informacja-prasowa"],"yoast_head":"<!-- This site is optimized with the Yoast SEO Premium plugin v24.4 (Yoast SEO v24.4) - https:\/\/yoast.com\/wordpress\/plugins\/seo\/ -->\n<title>Rajd Koguta 2023. 1200 klasyk\u00f3w i 600 km drogi do pomagania - Bidcar - Blog<\/title>\n<meta name=\"description\" content=\"Muzeum Motoryzacji Wena w O\u0142awie zaprasza na Rajd Koguta 2023. Start 8 czerwca, meta 10 czerwca w Stegnie. Po drodze bicie rekordu Polski na Torze Pozna\u0144. Zapnijcie pasy!\" \/>\n<meta name=\"robots\" content=\"index, follow, max-snippet:-1, max-image-preview:large, max-video-preview:-1\" \/>\n<link rel=\"canonical\" href=\"https:\/\/bidcar.pl\/blog\/rajd-koguta-2023-dolacz-do-milosnikow-motoryzacji\/\" \/>\n<meta property=\"og:locale\" content=\"pl_PL\" \/>\n<meta property=\"og:type\" content=\"article\" \/>\n<meta property=\"og:title\" content=\"Rajd Koguta 2023. 1200 klasyk\u00f3w i 600 km drogi do pomagania\" \/>\n<meta property=\"og:description\" content=\"Muzeum Motoryzacji Wena w O\u0142awie zaprasza na Rajd Koguta 2023. Start 8 czerwca, meta 10 czerwca w Stegnie. Po drodze bicie rekordu Polski na Torze Pozna\u0144. Zapnijcie pasy!\" \/>\n<meta property=\"og:url\" content=\"https:\/\/bidcar.pl\/blog\/rajd-koguta-2023-dolacz-do-milosnikow-motoryzacji\/\" \/>\n<meta property=\"og:site_name\" content=\"Bidcar - Blog\" \/>\n<meta property=\"article:published_time\" content=\"2023-04-27T07:06:37+00:00\" \/>\n<meta property=\"article:modified_time\" content=\"2023-06-02T05:24:20+00:00\" \/>\n<meta property=\"og:image\" content=\"https:\/\/bidcar.pl\/blog\/wp-content\/uploads\/2023\/04\/rajd-koguta-archiwum-01.jpg\" \/>\n\t<meta property=\"og:image:width\" content=\"2048\" \/>\n\t<meta property=\"og:image:height\" content=\"1365\" \/>\n\t<meta property=\"og:image:type\" content=\"image\/jpeg\" \/>\n<meta name=\"twitter:card\" content=\"summary_large_image\" \/>\n<meta name=\"twitter:title\" content=\"Rajd Koguta 2023. 1200 klasyk\u00f3w i 600 km drogi do pomagania\" \/>\n<meta name=\"twitter:description\" content=\"Muzeum Motoryzacji Wena w O\u0142awie zaprasza na Rajd Koguta 2023. Start 8 czerwca, meta 10 czerwca w Stegnie. Po drodze bicie rekordu Polski na Torze Pozna\u0144. Zapnijcie pasy!\" \/>\n<meta name=\"twitter:image\" content=\"https:\/\/bidcar.pl\/blog\/wp-content\/uploads\/2023\/04\/rajd-koguta-archiwum-01.jpg\" \/>\n<meta name=\"twitter:label1\" content=\"Napisane przez\" \/>\n\t<meta name=\"twitter:data1\" content=\"Bidcar\" \/>\n\t<meta name=\"twitter:label2\" content=\"Szacowany czas czytania\" \/>\n\t<meta name=\"twitter:data2\" content=\"5 minut\" \/>\n<script type=\"application\/ld+json\" class=\"yoast-schema-graph\">{\"@context\":\"https:\/\/schema.org\",\"@graph\":[{\"@type\":\"Article\",\"@id\":\"https:\/\/bidcar.pl\/blog\/rajd-koguta-2023-dolacz-do-milosnikow-motoryzacji\/#article\",\"isPartOf\":{\"@id\":\"https:\/\/bidcar.pl\/blog\/rajd-koguta-2023-dolacz-do-milosnikow-motoryzacji\/\"},\"headline\":\"Ponad 2 600 klasyk\u00f3w i 500+ km drogi do pomagania. Do\u0142\u0105cz do mi\u0142o\u015bnik\u00f3w motoryzacji na 7. Charytatywnym Rajdzie Koguta!\",\"datePublished\":\"2023-04-27T07:06:37+00:00\",\"dateModified\":\"2023-06-02T05:24:20+00:00\",\"mainEntityOfPage\":{\"@id\":\"https:\/\/bidcar.pl\/blog\/rajd-koguta-2023-dolacz-do-milosnikow-motoryzacji\/\"},\"wordCount\":1067,\"commentCount\":0,\"publisher\":{\"@id\":\"https:\/\/bidcar.pl\/blog\/#organization\"},\"image\":{\"@id\":\"https:\/\/bidcar.pl\/blog\/rajd-koguta-2023-dolacz-do-milosnikow-motoryzacji\/#primaryimage\"},\"thumbnailUrl\":\"https:\/\/bidcar.pl\/blog\/wp-content\/uploads\/2023\/04\/rajd-koguta-archiwum-01.jpg\",\"articleSection\":[\"Informacja Prasowa\"],\"inLanguage\":\"pl-PL\",\"potentialAction\":[{\"@type\":\"CommentAction\",\"name\":\"Comment\",\"target\":[\"https:\/\/bidcar.pl\/blog\/rajd-koguta-2023-dolacz-do-milosnikow-motoryzacji\/#respond\"]}]},{\"@type\":\"WebPage\",\"@id\":\"https:\/\/bidcar.pl\/blog\/rajd-koguta-2023-dolacz-do-milosnikow-motoryzacji\/\",\"url\":\"https:\/\/bidcar.pl\/blog\/rajd-koguta-2023-dolacz-do-milosnikow-motoryzacji\/\",\"name\":\"Rajd Koguta 2023. 1200 klasyk\u00f3w i 600 km drogi do pomagania - Bidcar - Blog\",\"isPartOf\":{\"@id\":\"https:\/\/bidcar.pl\/blog\/#website\"},\"primaryImageOfPage\":{\"@id\":\"https:\/\/bidcar.pl\/blog\/rajd-koguta-2023-dolacz-do-milosnikow-motoryzacji\/#primaryimage\"},\"image\":{\"@id\":\"https:\/\/bidcar.pl\/blog\/rajd-koguta-2023-dolacz-do-milosnikow-motoryzacji\/#primaryimage\"},\"thumbnailUrl\":\"https:\/\/bidcar.pl\/blog\/wp-content\/uploads\/2023\/04\/rajd-koguta-archiwum-01.jpg\",\"datePublished\":\"2023-04-27T07:06:37+00:00\",\"dateModified\":\"2023-06-02T05:24:20+00:00\",\"description\":\"Muzeum Motoryzacji Wena w O\u0142awie zaprasza na Rajd Koguta 2023. Start 8 czerwca, meta 10 czerwca w Stegnie. Po drodze bicie rekordu Polski na Torze Pozna\u0144. Zapnijcie pasy!\",\"breadcrumb\":{\"@id\":\"https:\/\/bidcar.pl\/blog\/rajd-koguta-2023-dolacz-do-milosnikow-motoryzacji\/#breadcrumb\"},\"inLanguage\":\"pl-PL\",\"potentialAction\":[{\"@type\":\"ReadAction\",\"target\":[\"https:\/\/bidcar.pl\/blog\/rajd-koguta-2023-dolacz-do-milosnikow-motoryzacji\/\"]}]},{\"@type\":\"ImageObject\",\"inLanguage\":\"pl-PL\",\"@id\":\"https:\/\/bidcar.pl\/blog\/rajd-koguta-2023-dolacz-do-milosnikow-motoryzacji\/#primaryimage\",\"url\":\"https:\/\/bidcar.pl\/blog\/wp-content\/uploads\/2023\/04\/rajd-koguta-archiwum-01.jpg\",\"contentUrl\":\"https:\/\/bidcar.pl\/blog\/wp-content\/uploads\/2023\/04\/rajd-koguta-archiwum-01.jpg\",\"width\":2048,\"height\":1365},{\"@type\":\"BreadcrumbList\",\"@id\":\"https:\/\/bidcar.pl\/blog\/rajd-koguta-2023-dolacz-do-milosnikow-motoryzacji\/#breadcrumb\",\"itemListElement\":[{\"@type\":\"ListItem\",\"position\":1,\"name\":\"Strona g\u0142\u00f3wna\",\"item\":\"https:\/\/bidcar.pl\/blog\/\"},{\"@type\":\"ListItem\",\"position\":2,\"name\":\"Ponad 2 600 klasyk\u00f3w i 500+ km drogi do pomagania. Do\u0142\u0105cz do mi\u0142o\u015bnik\u00f3w motoryzacji na 7. Charytatywnym Rajdzie Koguta!\"}]},{\"@type\":\"WebSite\",\"@id\":\"https:\/\/bidcar.pl\/blog\/#website\",\"url\":\"https:\/\/bidcar.pl\/blog\/\",\"name\":\"Bidcar - Blog\",\"description\":\"Bidcar.pl - aukcje samochodowe\",\"publisher\":{\"@id\":\"https:\/\/bidcar.pl\/blog\/#organization\"},\"potentialAction\":[{\"@type\":\"SearchAction\",\"target\":{\"@type\":\"EntryPoint\",\"urlTemplate\":\"https:\/\/bidcar.pl\/blog\/?s={search_term_string}\"},\"query-input\":{\"@type\":\"PropertyValueSpecification\",\"valueRequired\":true,\"valueName\":\"search_term_string\"}}],\"inLanguage\":\"pl-PL\"},{\"@type\":\"Organization\",\"@id\":\"https:\/\/bidcar.pl\/blog\/#organization\",\"name\":\"Bidcar - Blog\",\"url\":\"https:\/\/bidcar.pl\/blog\/\",\"logo\":{\"@type\":\"ImageObject\",\"inLanguage\":\"pl-PL\",\"@id\":\"https:\/\/bidcar.pl\/blog\/#\/schema\/logo\/image\/\",\"url\":\"https:\/\/bidcar.pl\/blog\/wp-content\/uploads\/2022\/07\/logo-podstawowe.png\",\"contentUrl\":\"https:\/\/bidcar.pl\/blog\/wp-content\/uploads\/2022\/07\/logo-podstawowe.png\",\"width\":987,\"height\":183,\"caption\":\"Bidcar - Blog\"},\"image\":{\"@id\":\"https:\/\/bidcar.pl\/blog\/#\/schema\/logo\/image\/\"}},{\"@type\":\"Person\",\"@id\":\"https:\/\/bidcar.pl\/blog\/#\/schema\/person\/e976bef0c90088c22d1df48f4234252d\",\"name\":\"Bidcar\",\"image\":{\"@type\":\"ImageObject\",\"inLanguage\":\"pl-PL\",\"@id\":\"https:\/\/bidcar.pl\/blog\/#\/schema\/person\/image\/\",\"url\":\"https:\/\/secure.gravatar.com\/avatar\/082d66f09b2c34ec1cd233436a2a32bf7cde584a627ea2449526387a9aade3d3?s=96&d=mm&r=g\",\"contentUrl\":\"https:\/\/secure.gravatar.com\/avatar\/082d66f09b2c34ec1cd233436a2a32bf7cde584a627ea2449526387a9aade3d3?s=96&d=mm&r=g\",\"caption\":\"Bidcar\"},\"sameAs\":[\"https:\/\/bidcar.pl\"]}]}<\/script>\n<!-- \/ Yoast SEO Premium plugin. -->","yoast_head_json":{"title":"Rajd Koguta 2023. 1200 klasyk\u00f3w i 600 km drogi do pomagania - Bidcar - Blog","description":"Muzeum Motoryzacji Wena w O\u0142awie zaprasza na Rajd Koguta 2023. Start 8 czerwca, meta 10 czerwca w Stegnie. Po drodze bicie rekordu Polski na Torze Pozna\u0144. Zapnijcie pasy!","robots":{"index":"index","follow":"follow","max-snippet":"max-snippet:-1","max-image-preview":"max-image-preview:large","max-video-preview":"max-video-preview:-1"},"canonical":"https:\/\/bidcar.pl\/blog\/rajd-koguta-2023-dolacz-do-milosnikow-motoryzacji\/","og_locale":"pl_PL","og_type":"article","og_title":"Rajd Koguta 2023. 1200 klasyk\u00f3w i 600 km drogi do pomagania","og_description":"Muzeum Motoryzacji Wena w O\u0142awie zaprasza na Rajd Koguta 2023. Start 8 czerwca, meta 10 czerwca w Stegnie. Po drodze bicie rekordu Polski na Torze Pozna\u0144. Zapnijcie pasy!","og_url":"https:\/\/bidcar.pl\/blog\/rajd-koguta-2023-dolacz-do-milosnikow-motoryzacji\/","og_site_name":"Bidcar - Blog","article_published_time":"2023-04-27T07:06:37+00:00","article_modified_time":"2023-06-02T05:24:20+00:00","og_image":[{"width":2048,"height":1365,"url":"https:\/\/bidcar.pl\/blog\/wp-content\/uploads\/2023\/04\/rajd-koguta-archiwum-01.jpg","type":"image\/jpeg"}],"twitter_card":"summary_large_image","twitter_title":"Rajd Koguta 2023. 1200 klasyk\u00f3w i 600 km drogi do pomagania","twitter_description":"Muzeum Motoryzacji Wena w O\u0142awie zaprasza na Rajd Koguta 2023. Start 8 czerwca, meta 10 czerwca w Stegnie. Po drodze bicie rekordu Polski na Torze Pozna\u0144. Zapnijcie pasy!","twitter_image":"https:\/\/bidcar.pl\/blog\/wp-content\/uploads\/2023\/04\/rajd-koguta-archiwum-01.jpg","twitter_misc":{"Napisane przez":"Bidcar","Szacowany czas czytania":"5 minut"},"schema":{"@context":"https:\/\/schema.org","@graph":[{"@type":"Article","@id":"https:\/\/bidcar.pl\/blog\/rajd-koguta-2023-dolacz-do-milosnikow-motoryzacji\/#article","isPartOf":{"@id":"https:\/\/bidcar.pl\/blog\/rajd-koguta-2023-dolacz-do-milosnikow-motoryzacji\/"},"headline":"Ponad 2 600 klasyk\u00f3w i 500+ km drogi do pomagania. Do\u0142\u0105cz do mi\u0142o\u015bnik\u00f3w motoryzacji na 7. Charytatywnym Rajdzie Koguta!","datePublished":"2023-04-27T07:06:37+00:00","dateModified":"2023-06-02T05:24:20+00:00","mainEntityOfPage":{"@id":"https:\/\/bidcar.pl\/blog\/rajd-koguta-2023-dolacz-do-milosnikow-motoryzacji\/"},"wordCount":1067,"commentCount":0,"publisher":{"@id":"https:\/\/bidcar.pl\/blog\/#organization"},"image":{"@id":"https:\/\/bidcar.pl\/blog\/rajd-koguta-2023-dolacz-do-milosnikow-motoryzacji\/#primaryimage"},"thumbnailUrl":"https:\/\/bidcar.pl\/blog\/wp-content\/uploads\/2023\/04\/rajd-koguta-archiwum-01.jpg","articleSection":["Informacja Prasowa"],"inLanguage":"pl-PL","potentialAction":[{"@type":"CommentAction","name":"Comment","target":["https:\/\/bidcar.pl\/blog\/rajd-koguta-2023-dolacz-do-milosnikow-motoryzacji\/#respond"]}]},{"@type":"WebPage","@id":"https:\/\/bidcar.pl\/blog\/rajd-koguta-2023-dolacz-do-milosnikow-motoryzacji\/","url":"https:\/\/bidcar.pl\/blog\/rajd-koguta-2023-dolacz-do-milosnikow-motoryzacji\/","name":"Rajd Koguta 2023. 1200 klasyk\u00f3w i 600 km drogi do pomagania - Bidcar - Blog","isPartOf":{"@id":"https:\/\/bidcar.pl\/blog\/#website"},"primaryImageOfPage":{"@id":"https:\/\/bidcar.pl\/blog\/rajd-koguta-2023-dolacz-do-milosnikow-motoryzacji\/#primaryimage"},"image":{"@id":"https:\/\/bidcar.pl\/blog\/rajd-koguta-2023-dolacz-do-milosnikow-motoryzacji\/#primaryimage"},"thumbnailUrl":"https:\/\/bidcar.pl\/blog\/wp-content\/uploads\/2023\/04\/rajd-koguta-archiwum-01.jpg","datePublished":"2023-04-27T07:06:37+00:00","dateModified":"2023-06-02T05:24:20+00:00","description":"Muzeum Motoryzacji Wena w O\u0142awie zaprasza na Rajd Koguta 2023. Start 8 czerwca, meta 10 czerwca w Stegnie. Po drodze bicie rekordu Polski na Torze Pozna\u0144. Zapnijcie pasy!","breadcrumb":{"@id":"https:\/\/bidcar.pl\/blog\/rajd-koguta-2023-dolacz-do-milosnikow-motoryzacji\/#breadcrumb"},"inLanguage":"pl-PL","potentialAction":[{"@type":"ReadAction","target":["https:\/\/bidcar.pl\/blog\/rajd-koguta-2023-dolacz-do-milosnikow-motoryzacji\/"]}]},{"@type":"ImageObject","inLanguage":"pl-PL","@id":"https:\/\/bidcar.pl\/blog\/rajd-koguta-2023-dolacz-do-milosnikow-motoryzacji\/#primaryimage","url":"https:\/\/bidcar.pl\/blog\/wp-content\/uploads\/2023\/04\/rajd-koguta-archiwum-01.jpg","contentUrl":"https:\/\/bidcar.pl\/blog\/wp-content\/uploads\/2023\/04\/rajd-koguta-archiwum-01.jpg","width":2048,"height":1365},{"@type":"BreadcrumbList","@id":"https:\/\/bidcar.pl\/blog\/rajd-koguta-2023-dolacz-do-milosnikow-motoryzacji\/#breadcrumb","itemListElement":[{"@type":"ListItem","position":1,"name":"Strona g\u0142\u00f3wna","item":"https:\/\/bidcar.pl\/blog\/"},{"@type":"ListItem","position":2,"name":"Ponad 2 600 klasyk\u00f3w i 500+ km drogi do pomagania. Do\u0142\u0105cz do mi\u0142o\u015bnik\u00f3w motoryzacji na 7. Charytatywnym Rajdzie Koguta!"}]},{"@type":"WebSite","@id":"https:\/\/bidcar.pl\/blog\/#website","url":"https:\/\/bidcar.pl\/blog\/","name":"Bidcar - Blog","description":"Bidcar.pl - aukcje samochodowe","publisher":{"@id":"https:\/\/bidcar.pl\/blog\/#organization"},"potentialAction":[{"@type":"SearchAction","target":{"@type":"EntryPoint","urlTemplate":"https:\/\/bidcar.pl\/blog\/?s={search_term_string}"},"query-input":{"@type":"PropertyValueSpecification","valueRequired":true,"valueName":"search_term_string"}}],"inLanguage":"pl-PL"},{"@type":"Organization","@id":"https:\/\/bidcar.pl\/blog\/#organization","name":"Bidcar - Blog","url":"https:\/\/bidcar.pl\/blog\/","logo":{"@type":"ImageObject","inLanguage":"pl-PL","@id":"https:\/\/bidcar.pl\/blog\/#\/schema\/logo\/image\/","url":"https:\/\/bidcar.pl\/blog\/wp-content\/uploads\/2022\/07\/logo-podstawowe.png","contentUrl":"https:\/\/bidcar.pl\/blog\/wp-content\/uploads\/2022\/07\/logo-podstawowe.png","width":987,"height":183,"caption":"Bidcar - Blog"},"image":{"@id":"https:\/\/bidcar.pl\/blog\/#\/schema\/logo\/image\/"}},{"@type":"Person","@id":"https:\/\/bidcar.pl\/blog\/#\/schema\/person\/e976bef0c90088c22d1df48f4234252d","name":"Bidcar","image":{"@type":"ImageObject","inLanguage":"pl-PL","@id":"https:\/\/bidcar.pl\/blog\/#\/schema\/person\/image\/","url":"https:\/\/secure.gravatar.com\/avatar\/082d66f09b2c34ec1cd233436a2a32bf7cde584a627ea2449526387a9aade3d3?s=96&d=mm&r=g","contentUrl":"https:\/\/secure.gravatar.com\/avatar\/082d66f09b2c34ec1cd233436a2a32bf7cde584a627ea2449526387a9aade3d3?s=96&d=mm&r=g","caption":"Bidcar"},"sameAs":["https:\/\/bidcar.pl"]}]}},"_links":{"self":[{"href":"https:\/\/bidcar.pl\/blog\/wp-json\/wp\/v2\/posts\/1727","targetHints":{"allow":["GET"]}}],"collection":[{"href":"https:\/\/bidcar.pl\/blog\/wp-json\/wp\/v2\/posts"}],"about":[{"href":"https:\/\/bidcar.pl\/blog\/wp-json\/wp\/v2\/types\/post"}],"author":[{"embeddable":true,"href":"https:\/\/bidcar.pl\/blog\/wp-json\/wp\/v2\/users\/3"}],"replies":[{"embeddable":true,"href":"https:\/\/bidcar.pl\/blog\/wp-json\/wp\/v2\/comments?post=1727"}],"version-history":[{"count":36,"href":"https:\/\/bidcar.pl\/blog\/wp-json\/wp\/v2\/posts\/1727\/revisions"}],"predecessor-version":[{"id":1802,"href":"https:\/\/bidcar.pl\/blog\/wp-json\/wp\/v2\/posts\/1727\/revisions\/1802"}],"wp:featuredmedia":[{"embeddable":true,"href":"https:\/\/bidcar.pl\/blog\/wp-json\/wp\/v2\/media\/1722"}],"wp:attachment":[{"href":"https:\/\/bidcar.pl\/blog\/wp-json\/wp\/v2\/media?parent=1727"}],"wp:term":[{"taxonomy":"category","embeddable":true,"href":"https:\/\/bidcar.pl\/blog\/wp-json\/wp\/v2\/categories?post=1727"},{"taxonomy":"post_tag","embeddable":true,"href":"https:\/\/bidcar.pl\/blog\/wp-json\/wp\/v2\/tags?post=1727"}],"curies":[{"name":"wp","href":"https:\/\/api.w.org\/{rel}","templated":true}]}}